{"id":3672,"date":"2026-02-17T10:00:31","date_gmt":"2026-02-17T10:00:31","guid":{"rendered":"https:\/\/saludlaboralmadridugt.org\/?p=3672"},"modified":"2026-02-17T10:03:53","modified_gmt":"2026-02-17T10:03:53","slug":"comienza-el-ano-con-5-trabajadores-fallecidos-en-el-mes-de-enero","status":"publish","type":"post","link":"https:\/\/saludlaboralmadridugt.org\/index.php\/2026\/02\/17\/comienza-el-ano-con-5-trabajadores-fallecidos-en-el-mes-de-enero\/","title":{"rendered":"COMIENZA EL A\u00d1O CON 5 PERSONAS TRABAJADORAS FALLECIDAS EN EL MES DE ENERO"},"content":{"rendered":"<h2><strong>UGT MADRID REIVINDICA M\u00c1S RESPONSABILIDAD DE LAS EMPRESAS EN NUESTRA REGI\u00d3N Y M\u00c1S RECURSOS PARA LA INSPECCI\u00d3N PROVINCIAL DE TRABAJO, EN SU LABOR DE CONTROL DEL CUMPLIMIENTO DE LA LEY EN ELLAS<\/strong><\/h2>\n<p class=\"text-align-justify\"><span lang=\"es\">D\u00eda tras d\u00eda seguimos lamentando la escandalosa realidad de los datos de siniestralidad en la Comunidad de Madrid, ante la que no podemos mirar hacia otro lado, 2025 termin\u00f3 con 86 personas trabajadoras que no volvieron a su hogar tras el trabajo. Y hoy con las cifras provisionales de accidentes de trabajo que nos facilita el Instituto Regional de la Seguridad y Salud en el Trabajo, tenemos que lamentar la muerte de\u00a0<strong>5 personas trabajadoras en el primer mes de 2026\u00a0<\/strong>en nuestra Regi\u00f3n.<\/span><\/p>\n<p class=\"text-align-justify\"><span lang=\"es\">Los 5 trabajadores fallecidos en accidente mortal pertenec\u00edan al sector de Servicios y sus causas han sido: 2 por Patolog\u00eda no Traum\u00e1tica, (derrames, \u00edctus, infartos,), 2. en la ida y vuelta al trabajo y 1 ocasionado por un golpe con un objeto en movimiento, \u00e9ste \u00faltimo debido al tren que descarril\u00f3 en la localidad de Adamuz.\u00a0<\/span><\/p>\n<p class=\"text-align-justify\"><span lang=\"es\">En este comienzo de a\u00f1o de 2026, se han producido\u00a0<strong>un total de 6.809 accidentes laborales en enero,<\/strong>\u00a0de los que\u00a0<strong>5.429 se produjeron en jornada laboral\u00a0<\/strong>y\u00a0<strong>1.380 en la ida y vuelta al trabajo<\/strong>.\u00a0<\/span><\/p>\n<p class=\"text-align-justify\"><span lang=\"es\">Teniendo en cuenta la gravedad de los accidentes, los accidentes graves en\u00a0<strong>Construcci\u00f3n<\/strong>\u00a0se han incrementado y hemos pasado en enero de 2025\u00a0<strong>de\u00a0 3 accidentes graves frente a 8 en enero de este a\u00f1o<\/strong>\u00a0En cambio, en Servicios, aun siendo mayor el n\u00famero de accidentes graves 15, se ha reducido en 1, respecto a enero de 2025 con 16 accidentes. En la Industria se mantiene la misma cifra en la comparativa de los a\u00f1os, 3 en 2025 y 3 accidentes graves en 2026.<\/span><\/p>\n<p><span lang=\"es\"><strong>LAS CAUSAS DE LOS SINIESTROS EN EL TRABAJO NO CAMBIAN<\/strong><\/span><\/p>\n<p class=\"text-align-justify\"><span lang=\"es\">Las principales causas de las muertes por accidente laboral no cambian, y se mantienen en el tiempo. Infartos y derrames cerebrales, accidentes de tr\u00e1fico, en la ida y vuelta al trabajo, atrapamientos y golpes. Lo que demuestra que los incumplimientos de las empresas en materia preventiva tambi\u00e9n se mantienen.\u00a0<\/span><\/p>\n<p class=\"text-align-justify\"><span lang=\"es\">En lo referente a la\u00a0<strong>Seguridad Vial en el trabajo<\/strong>, en enero se han producido 1.380 en la ida y vuelta al trabajo y por esta causa han fallecido 2 personas trabajadoras, el mismo n\u00famero de personas trabajadoras que en enero de 2025, 2 siniestros mortales. Por la gravedad de accidente\u00a0<\/span><em><span lang=\"es\">\u201cin t\u00ednere\u201d,<\/span><\/em><span lang=\"es\">\u00a0el pasado mes se han producido 12 accidentes graves de este tipo, sufriendo un incremento respecto a enero de 2025 donde se produjeron 10 accidentes.<\/span><\/p>\n<p class=\"text-align-justify\"><span lang=\"es\">Las empresas, deben formar e informar a su plantilla en materia de seguridad vial. Implantar Planes de Movilidad, negociados con la representaci\u00f3n sindical.<\/span><\/p>\n<p class=\"text-align-justify\"><span lang=\"es\"><strong>Por sexos, el accidente en la ida y vuelta\u00a0<\/strong>al trabajo lo sufren m\u00e1s mujeres que hombres, de los 1.380 accidentes que se han producido en enero, 827 lo sufrieron mujeres trabajadoras \u00a0y 553\u00a0hombres, con resultado de muerte han sido 2 trabajadores los fallecidos, pero en lo que respecta a la gravedad 7 han acaecido a mujeres y 5 a hombres y del total de accidentes leves en la ida y vuelta al trabajo, 820 se han producido en mujeres, y 546 a hombres.<\/span><\/p>\n<p class=\"text-align-justify\"><span lang=\"es\">Por \u00faltimo, desde\u00a0<\/span><span lang=\"es\"><strong>UGT Madrid<\/strong>\u00a0<\/span><span lang=\"es\">exigimos un acuerdo de modificaci\u00f3n de la Ley de Prevenci\u00f3n de Riesgos Laborales. Esta modificaci\u00f3n es decisiva para modernizar nuestro sistema preventivo y adaptarlo a las nuevas necesidades del mercado de trabajo, siendo primordial para proteger de manera efectiva la seguridad y la salud de las personas trabajadoras.<\/span><\/p>\n","protected":false},"excerpt":{"rendered":"<p>UGT MADRID REIVINDICA M\u00c1S RESPONSABILIDAD DE LAS EMPRESAS EN NUESTRA REGI\u00d3N Y M\u00c1S RECURSOS PARA&#8230;<\/p>\n","protected":false},"author":3,"featured_media":3675,"comment_status":"closed","ping_status":"closed","sticky":false,"template":"","format":"standard","meta":{"_seopress_robots_primary_cat":"none","_seopress_titles_title":"","_seopress_titles_desc":"","_seopress_robots_index":"","_jetpack_memberships_contains_paid_content":false,"footnotes":""},"categories":[3],"tags":[],"class_list":["post-3672","post","type-post","status-publish","format-standard","has-post-thumbnail","hentry","category-salud-laboral"],"jetpack_featured_media_url":"https:\/\/saludlaboralmadridugt.org\/wp-content\/uploads\/2026\/02\/obrero_trabajo_0-1-e1771322408241.jpg","jetpack_sharing_enabled":true,"_links":{"self":[{"href":"https:\/\/saludlaboralmadridugt.org\/index.php\/wp-json\/wp\/v2\/posts\/3672","targetHints":{"allow":["GET"]}}],"collection":[{"href":"https:\/\/saludlaboralmadridugt.org\/index.php\/wp-json\/wp\/v2\/posts"}],"about":[{"href":"https:\/\/saludlaboralmadridugt.org\/index.php\/wp-json\/wp\/v2\/types\/post"}],"author":[{"embeddable":true,"href":"https:\/\/saludlaboralmadridugt.org\/index.php\/wp-json\/wp\/v2\/users\/3"}],"replies":[{"embeddable":true,"href":"https:\/\/saludlaboralmadridugt.org\/index.php\/wp-json\/wp\/v2\/comments?post=3672"}],"version-history":[{"count":3,"href":"https:\/\/saludlaboralmadridugt.org\/index.php\/wp-json\/wp\/v2\/posts\/3672\/revisions"}],"predecessor-version":[{"id":3678,"href":"https:\/\/saludlaboralmadridugt.org\/index.php\/wp-json\/wp\/v2\/posts\/3672\/revisions\/3678"}],"wp:featuredmedia":[{"embeddable":true,"href":"https:\/\/saludlaboralmadridugt.org\/index.php\/wp-json\/wp\/v2\/media\/3675"}],"wp:attachment":[{"href":"https:\/\/saludlaboralmadridugt.org\/index.php\/wp-json\/wp\/v2\/media?parent=3672"}],"wp:term":[{"taxonomy":"category","embeddable":true,"href":"https:\/\/saludlaboralmadridugt.org\/index.php\/wp-json\/wp\/v2\/categories?post=3672"},{"taxonomy":"post_tag","embeddable":true,"href":"https:\/\/saludlaboralmadridugt.org\/index.php\/wp-json\/wp\/v2\/tags?post=3672"}],"curies":[{"name":"wp","href":"https:\/\/api.w.org\/{rel}","templated":true}]}}