{"id":3598,"date":"2026-01-28T12:27:19","date_gmt":"2026-01-28T12:27:19","guid":{"rendered":"https:\/\/saludlaboralmadridugt.org\/?p=3598"},"modified":"2026-01-28T12:41:46","modified_gmt":"2026-01-28T12:41:46","slug":"la-promocion-de-la-salud-mental-prioridad-de-la-onu","status":"publish","type":"post","link":"https:\/\/saludlaboralmadridugt.org\/index.php\/2026\/01\/28\/la-promocion-de-la-salud-mental-prioridad-de-la-onu\/","title":{"rendered":"La promoci\u00f3n de la salud mental, prioridad de la ONU"},"content":{"rendered":"<h2>La ONU insta a fortalecer y orientar los sistemas de salud, crear condiciones de trabajo seguras y aumentar la inversi\u00f3n en salud mental.<\/h2>\n<p>La Asamblea General de las Naciones Unidas adopt\u00f3 el 15 de diciembre de 2025, la Declaraci\u00f3n pol\u00edtica sobre la prevenci\u00f3n y el control de las enfermedades no transmisibles y la promoci\u00f3n de la salud mental y el bienestar, resultado de las negociaciones intergubernamentales previas a la Cuarta Reuni\u00f3n de Alto Nivel de la Asamblea General, celebrada el 25 de septiembre de 2025.<\/p>\n<p>En esta Declaraci\u00f3n, los jefes de Estado y de Gobierno se comprometen a acelerar la aplicaci\u00f3n de un conjunto prioritario de acciones frente a las enfermedades no transmisibles. Asimismo, reafirman su compromiso para reducir en un tercio su mortalidad prematura para 2030 mediante la prevenci\u00f3n y el control de estas y la promoci\u00f3n de la salud mental y el bienestar.<\/p>\n<p>Se indica que los trastornos de salud mental, incluida la ansiedad, la depresi\u00f3n y la psicosis, afectan a cerca de 1.000 millones de personas en todo el mundo y que pueden coexistir com\u00fanmente e interactuar con otros trastornos neurol\u00f3gicos, como la enfermedad de Alzheimer, las secuelas de accidentes cerebrovasculares, la enfermedad de Parkinson, la epilepsia y otras enfermedades no transmisibles, as\u00ed como el abuso de sustancias. Se indica tambi\u00e9n que el suicidio es la tercera causa principal de muerte entre las personas de 15 a 29 a\u00f1os.<\/p>\n<p>Se destaca igualmente la enorme carga que suponen las enfermedades no transmisibles que, en conjunto, causan m\u00e1s de 43 millones de muertes cada a\u00f1o \u201418 millones de las cuales ocurren prematuramente, antes de los 70 a\u00f1os \u2014 e incluyen las enfermedades cardiovasculares (que representan la mayor parte de estas muertes) as\u00ed como los c\u00e1nceres, la diabetes y las enfermedades respiratorias cr\u00f3nicas.<\/p>\n<p>Adem\u00e1s, se reconoce la brecha existente respecto a las personas de mayor edad y la necesidad de aplicar la perspectiva de g\u00e9nero para abordar el problema de las enfermedades no transmisibles y de salud mental. Esto es crucial para comprender y abordar los riesgos y necesidades de salud de las mujeres y los hombres de todas las edades. Igualmente, destaca la vulnerabilidad de las personas con discapacidad, las poblaciones socioecon\u00f3micamente desfavorecidas y quienes viven en contextos de conflicto, emergencia humanitaria o alta exposici\u00f3n a los efectos del cambio clim\u00e1tico.<\/p>\n<p>En dicha Declaraci\u00f3n, se incluyen una serie de medidas entre las que destacamos las dirigidas a la mejora de la salud mental, en concreto la ampliaci\u00f3n del nivel de atenci\u00f3n primaria de salud y dentro de los servicios generales de salud: la accesibilidad, disponibilidad y prestaci\u00f3n de apoyo psicosocial y psicol\u00f3gico y tratamiento farmacol\u00f3gico para la depresi\u00f3n, la ansiedad y la psicosis, as\u00ed como para otras afecciones conexas, incluidas las afecciones de salud mental en la infancia y la juventud, y la autolesi\u00f3n, el consumo nocivo de alcohol, el abuso de otras sustancias, la epilepsia, la demencia, el trastorno del espectro autista y el trastorno por d\u00e9ficit de atenci\u00f3n e hiperactividad.<\/p>\n<p>Otro de los compromisos adoptados es el de prevenir y reducir los suicidios mediante las siguientes medidas:<br \/>\n&#8211;\u00a0\u00a0\u00a0\u00a0Elaboraci\u00f3n de estrategias y planes de acci\u00f3n nacionales de prevenci\u00f3n del suicidio<br \/>\n&#8211;\u00a0\u00a0\u00a0\u00a0Limitaci\u00f3n del acceso a los medios de suicidio, incluidos los plaguicidas altamente peligrosos<br \/>\n&#8211;\u00a0\u00a0\u00a0\u00a0Reducci\u00f3n del estigma relacionado con las afecciones de salud mental y los trastornos neurol\u00f3gicos<br \/>\n&#8211;\u00a0\u00a0\u00a0\u00a0Creaci\u00f3n de un entorno abierto para debatir sobre la salud mental<br \/>\n&#8211;\u00a0\u00a0\u00a0\u00a0Fomento de un enfoque de salud p\u00fablica<br \/>\n&#8211;\u00a0\u00a0\u00a0\u00a0Prestaci\u00f3n de apoyo a las personas afectadas por el suicidio y las autolesiones<br \/>\n&#8211;\u00a0\u00a0\u00a0\u00a0Promoci\u00f3n y el apoyo de la informaci\u00f3n responsable sobre el suicidio en los medios de comunicaci\u00f3n<br \/>\n&#8211;\u00a0\u00a0\u00a0\u00a0Fomento de las aptitudes para la vida y el apoyo a los j\u00f3venes<\/p>\n<p>Como medio para conseguir estos objetivos, la Declaraci\u00f3n insta a fortalecer y orientar los sistemas de salud y las pol\u00edticas y capacidades de asistencia social para lograr la atenci\u00f3n sanitaria universal y atender las necesidades esenciales de las personas que viven con enfermedades no transmisibles y afecciones de salud mental, o corren el riesgo de padecerlas. Adem\u00e1s, reclama la movilizaci\u00f3n de recursos financieros adecuados, previsibles y sostenibles, y a aumentar la inversi\u00f3n en salud mental. Adem\u00e1s, de promover y crear condiciones de trabajo seguras, propicias y decentes.<\/p>\n<p>Desde UGT valoramos positivamente la Declaraci\u00f3n de la ONU sobre la prevenci\u00f3n y el control de las enfermedades no transmisibles y la promoci\u00f3n de la salud mental y el bienestar. Esta Declaraci\u00f3n se hace eco de los problemas reales que las personas viven en su d\u00eda a d\u00eda y hace un llamamiento a la acci\u00f3n. Desde nuestra organizaci\u00f3n venimos denunciando desde hace tiempo los problemas de salud mental de la clase trabajadora. Las bajas laborales por problemas de salud mental no paran de crecer, lo que denota la existencia de un grave problema al que se le debe dar soluci\u00f3n de manera urgente.<\/p>\n<p>Esto es solo uno de los motivos por el que debe reformarse la Ley de Prevenci\u00f3n de Riesgos Laborales: una Ley de hace 30 a\u00f1os que no presta la suficiente protecci\u00f3n a la clase trabajadora frente a la exposici\u00f3n laboral a riesgos psicosociales y organizativos. Por ello, desde UGT pedimos a los distintos grupos parlamentarios una reflexi\u00f3n profunda sobre este tema que debe abordarse de manera decidida para mejorar la vida y la salud de las personas trabajadoras.<\/p>\n<p><a href=\"https:\/\/www.who.int\/news\/item\/16-12-2025-world-leaders-adopt-a-historic-global-declaration-on-noncommunicable-diseases-and-mental-health\">Declaraci\u00f3n pol\u00edtica de la cuarta reuni\u00f3n de alto nivel de la Asamblea General sobre la prevenci\u00f3n y el control de las enfermedades no transmisibles y la promoci\u00f3n de la salud mental y el bienestar <\/a><\/p>\n<p>&nbsp;<\/p>\n","protected":false},"excerpt":{"rendered":"<p>La ONU insta a fortalecer y orientar los sistemas de salud, crear condiciones de trabajo&#8230;<\/p>\n","protected":false},"author":3,"featured_media":3601,"comment_status":"closed","ping_status":"closed","sticky":false,"template":"","format":"standard","meta":{"_seopress_robots_primary_cat":"none","_seopress_titles_title":"","_seopress_titles_desc":"","_seopress_robots_index":"","_jetpack_memberships_contains_paid_content":false,"footnotes":""},"categories":[3],"tags":[],"class_list":["post-3598","post","type-post","status-publish","format-standard","has-post-thumbnail","hentry","category-salud-laboral"],"jetpack_featured_media_url":"https:\/\/saludlaboralmadridugt.org\/wp-content\/uploads\/2026\/01\/salud-mental-ene.jpg-e1769603162838.jpeg","jetpack_sharing_enabled":true,"_links":{"self":[{"href":"https:\/\/saludlaboralmadridugt.org\/index.php\/wp-json\/wp\/v2\/posts\/3598","targetHints":{"allow":["GET"]}}],"collection":[{"href":"https:\/\/saludlaboralmadridugt.org\/index.php\/wp-json\/wp\/v2\/posts"}],"about":[{"href":"https:\/\/saludlaboralmadridugt.org\/index.php\/wp-json\/wp\/v2\/types\/post"}],"author":[{"embeddable":true,"href":"https:\/\/saludlaboralmadridugt.org\/index.php\/wp-json\/wp\/v2\/users\/3"}],"replies":[{"embeddable":true,"href":"https:\/\/saludlaboralmadridugt.org\/index.php\/wp-json\/wp\/v2\/comments?post=3598"}],"version-history":[{"count":4,"href":"https:\/\/saludlaboralmadridugt.org\/index.php\/wp-json\/wp\/v2\/posts\/3598\/revisions"}],"predecessor-version":[{"id":3605,"href":"https:\/\/saludlaboralmadridugt.org\/index.php\/wp-json\/wp\/v2\/posts\/3598\/revisions\/3605"}],"wp:featuredmedia":[{"embeddable":true,"href":"https:\/\/saludlaboralmadridugt.org\/index.php\/wp-json\/wp\/v2\/media\/3601"}],"wp:attachment":[{"href":"https:\/\/saludlaboralmadridugt.org\/index.php\/wp-json\/wp\/v2\/media?parent=3598"}],"wp:term":[{"taxonomy":"category","embeddable":true,"href":"https:\/\/saludlaboralmadridugt.org\/index.php\/wp-json\/wp\/v2\/categories?post=3598"},{"taxonomy":"post_tag","embeddable":true,"href":"https:\/\/saludlaboralmadridugt.org\/index.php\/wp-json\/wp\/v2\/tags?post=3598"}],"curies":[{"name":"wp","href":"https:\/\/api.w.org\/{rel}","templated":true}]}}