{"id":3219,"date":"2025-10-31T08:27:14","date_gmt":"2025-10-31T08:27:14","guid":{"rendered":"https:\/\/saludlaboralmadridugt.org\/?p=3219"},"modified":"2025-10-31T09:17:05","modified_gmt":"2025-10-31T09:17:05","slug":"jornada-30-anos-de-la-ley-de-prl","status":"publish","type":"post","link":"https:\/\/saludlaboralmadridugt.org\/index.php\/2025\/10\/31\/jornada-30-anos-de-la-ley-de-prl\/","title":{"rendered":"Jornada 30 a\u00f1os de la Ley de PRL"},"content":{"rendered":"<p>Los pr\u00f3ximos d\u00edas 5 y 6 de noviembre desde la secretaria de Salud Laboral y Medio Ambiente se va a llevar acabo la Jornada: \u00ab30 a\u00f1os de la Ley de PRL, mirar el pasado para construir el futuro\u00bb dentro de las actuaciones de UGT Madrid en el VII Plan Director de la Comunidad de Madrid 2025-2028. La jornada que durar\u00e1 dos d\u00edas va a reunir a expertos de diferentes organizaciones y sectores que nos dar\u00e1n sus opiniones sobre estos 30 a\u00f1os de la Ley de PRL, comentando la situaci\u00f3n de partida al presente de la seguridad y salud en nuestros puestos de trabajo.<\/p>\n<p>El primer d\u00eda de la jornada se debatir\u00e1 el papel de las administraciones en la implantaci\u00f3n de la cultura preventiva en las empresas de nuestra regi\u00f3n, desde Fiscal\u00eda y polic\u00eda municipal de Madrid conoceremos como act\u00faan una vez se ha iniciado el protocolo por un accidente de trabajo. tras la pausa, tendr\u00e1n lugar dos mesas redondas una desarrollando el papel de las mutuas colaboradoras con la Seguridad Social y la \u00faltima mesa del d\u00eda en la que se expondr\u00e1 el papel de los servicios de prevencion dentro de las empresa y su papel fundamental en la mejora de la salud laboral.<\/p>\n<p>El d\u00eda 6 de noviembre la jornada abrir\u00e1 con la conferencia: Adaptaci\u00f3n a nuevos retos preventivos en una sociedad de cambio digital y el uso de nuevas tecnolog\u00edas, antes de la pausa para un Coffe break se nuestros expertos analizar\u00e1n hacia donde vamos con la nueva ley de PRL y el papel del dialogo social en la PRL. Durante el resto del d\u00eda se llevaran a debate temas como prevenci\u00f3n igualdad y diversidad en el entorno laboral, la salud mental, los trastornos musculoesquel\u00e9ticos en el \u00e1mbito laboral y la prevencion ante cambio clim\u00e1tico.<\/p>\n<p>&nbsp;<\/p>\n<p><a href=\"https:\/\/saludlaboralmadridugt.org\/wp-content\/uploads\/2025\/10\/foto-borrado-jornada-nov.png\"><img loading=\"lazy\" decoding=\"async\" class=\"size-medium wp-image-3223 alignleft\" src=\"https:\/\/saludlaboralmadridugt.org\/wp-content\/uploads\/2025\/10\/foto-borrado-jornada-nov-213x300.png\" alt=\"\" width=\"213\" height=\"300\" srcset=\"https:\/\/saludlaboralmadridugt.org\/wp-content\/uploads\/2025\/10\/foto-borrado-jornada-nov-213x300.png 213w, https:\/\/saludlaboralmadridugt.org\/wp-content\/uploads\/2025\/10\/foto-borrado-jornada-nov.png 468w\" sizes=\"auto, (max-width: 213px) 100vw, 213px\" \/><\/a> <a href=\"https:\/\/saludlaboralmadridugt.org\/wp-content\/uploads\/2025\/10\/foto-borrador-jornada-nov_2.png\"><img loading=\"lazy\" decoding=\"async\" class=\"size-medium wp-image-3224 alignleft\" src=\"https:\/\/saludlaboralmadridugt.org\/wp-content\/uploads\/2025\/10\/foto-borrador-jornada-nov_2-216x300.png\" alt=\"\" width=\"216\" height=\"300\" srcset=\"https:\/\/saludlaboralmadridugt.org\/wp-content\/uploads\/2025\/10\/foto-borrador-jornada-nov_2-216x300.png 216w, https:\/\/saludlaboralmadridugt.org\/wp-content\/uploads\/2025\/10\/foto-borrador-jornada-nov_2.png 466w\" sizes=\"auto, (max-width: 216px) 100vw, 216px\" \/><\/a><\/p>\n<p>&nbsp;<\/p>\n<p>&nbsp;<\/p>\n<p>&nbsp;<\/p>\n<p>&nbsp;<\/p>\n<p>&nbsp;<\/p>\n<p>&nbsp;<\/p>\n<p>&nbsp;<\/p>\n<p>&nbsp;<\/p>\n<p>Dos d\u00edas llenos de personas expertas en la materia que nos van a ofrecer su an\u00e1lisis, punto de vista y experiencia para poder afrontar todos los cambios que ya estamos viendo en nuestros puestos de trabajo.<\/p>\n<p>\u00a1 No lo dejes pasar e inscr\u00edbete en el enlace:<\/p>\n<p><a href=\"https:\/\/forms.gle\/TycjVnpvUYGwAP1K7\">https:\/\/forms.gle\/TycjVnpvUYGwAP1K7<\/a><\/p>\n<p>&nbsp;<\/p>\n<p>&nbsp;<\/p>\n","protected":false},"excerpt":{"rendered":"<p>Los pr\u00f3ximos d\u00edas 5 y 6 de noviembre desde la secretaria de Salud Laboral y&#8230;<\/p>\n","protected":false},"author":3,"featured_media":3218,"comment_status":"closed","ping_status":"closed","sticky":false,"template":"","format":"standard","meta":{"_seopress_robots_primary_cat":"none","_seopress_titles_title":"","_seopress_titles_desc":"","_seopress_robots_index":"","_jetpack_memberships_contains_paid_content":false,"footnotes":""},"categories":[3,33],"tags":[],"class_list":["post-3219","post","type-post","status-publish","format-standard","has-post-thumbnail","hentry","category-salud-laboral","category-vii-pld-2025"],"jetpack_featured_media_url":"https:\/\/saludlaboralmadridugt.org\/wp-content\/uploads\/2025\/10\/Captura-4.png","jetpack_sharing_enabled":true,"_links":{"self":[{"href":"https:\/\/saludlaboralmadridugt.org\/index.php\/wp-json\/wp\/v2\/posts\/3219","targetHints":{"allow":["GET"]}}],"collection":[{"href":"https:\/\/saludlaboralmadridugt.org\/index.php\/wp-json\/wp\/v2\/posts"}],"about":[{"href":"https:\/\/saludlaboralmadridugt.org\/index.php\/wp-json\/wp\/v2\/types\/post"}],"author":[{"embeddable":true,"href":"https:\/\/saludlaboralmadridugt.org\/index.php\/wp-json\/wp\/v2\/users\/3"}],"replies":[{"embeddable":true,"href":"https:\/\/saludlaboralmadridugt.org\/index.php\/wp-json\/wp\/v2\/comments?post=3219"}],"version-history":[{"count":3,"href":"https:\/\/saludlaboralmadridugt.org\/index.php\/wp-json\/wp\/v2\/posts\/3219\/revisions"}],"predecessor-version":[{"id":3226,"href":"https:\/\/saludlaboralmadridugt.org\/index.php\/wp-json\/wp\/v2\/posts\/3219\/revisions\/3226"}],"wp:featuredmedia":[{"embeddable":true,"href":"https:\/\/saludlaboralmadridugt.org\/index.php\/wp-json\/wp\/v2\/media\/3218"}],"wp:attachment":[{"href":"https:\/\/saludlaboralmadridugt.org\/index.php\/wp-json\/wp\/v2\/media?parent=3219"}],"wp:term":[{"taxonomy":"category","embeddable":true,"href":"https:\/\/saludlaboralmadridugt.org\/index.php\/wp-json\/wp\/v2\/categories?post=3219"},{"taxonomy":"post_tag","embeddable":true,"href":"https:\/\/saludlaboralmadridugt.org\/index.php\/wp-json\/wp\/v2\/tags?post=3219"}],"curies":[{"name":"wp","href":"https:\/\/api.w.org\/{rel}","templated":true}]}}