{"id":3204,"date":"2025-10-15T12:11:15","date_gmt":"2025-10-15T12:11:15","guid":{"rendered":"https:\/\/saludlaboralmadridugt.org\/?p=3204"},"modified":"2025-10-15T12:11:52","modified_gmt":"2025-10-15T12:11:52","slug":"el-incremento-de-la-siniestralidad-laboral-de-nuestra-region-no-cesa","status":"publish","type":"post","link":"https:\/\/saludlaboralmadridugt.org\/index.php\/2025\/10\/15\/el-incremento-de-la-siniestralidad-laboral-de-nuestra-region-no-cesa\/","title":{"rendered":"EL INCREMENTO DE LA SINIESTRALIDAD LABORAL DE NUESTRA REGI\u00d3N NO CESA"},"content":{"rendered":"<p>Este mes de septiembre las cifras de siniestralidad laboral de nuestra Comunidad Aut\u00f3noma nos alertan que 11 personas trabajadoras han sufrido un accidente laboral mortal, lo que supone un 57,14% m\u00e1s con respecto a septiembre del 2024.<\/p>\n<p>Del total de accidentes mortales, 4 han ocurrido In-Itinere en el Sector Servicios a consecuencia de accidentes de tr\u00e1fico y 7 han ocurrido durante la jornada laboral.<\/p>\n<p>De los 7 accidentes durante la jornada laboral, 4 de ellos han ocurrido en el Sector Construcci\u00f3n, 1 en el Sector Industria y 2 en el Sector Servicios. Analizando las causas de estos fallecimientos, 4 han sido de trafico 1 por Patolog\u00edas No Traum\u00e1ticas, 1 por atrapamiento y 1 ca\u00edda en altura.<\/p>\n<p>UGT Madrid lamenta la elevada siniestralidad laboral en nuestra Comunidad Aut\u00f3noma y muestra su dolor, pesar y solidaridad con las familias, los compa\u00f1eros y compa\u00f1eras de las v\u00edctimas de los accidentes de trabajo.<\/p>\n<p>Las cifras totales de accidentes laborales durante este mes pasado, en comparaci\u00f3n con el a\u00f1o pasado, han sido superiores, con un total de 7.489 accidentes en tan solo un mes, el aumento lo observamos en todos los sectores de actividad, siendo agricultura el que mayor diferencia presenta con respecto a septiembre del 2024, un 42,86%, seguido de Servicios, con un aumento del 3,56%, Industria un 2,22% y construcci\u00f3n con un 1,91% m\u00e1s.<\/p>\n<p>En relaci\u00f3n a los accidentes de trabajo mortales en el sector de Construcci\u00f3n, tenemos que se\u00f1alar como un mal dato el incremento de los accidentes graves (4 accidentes mortales en septiembre de 2025 frente a 1 accidente mortal en septiembre 2024), lo que supone un incremento del 300% con respecto al mismo mes del 2024.<\/p>\n<p><strong>En lo que llevamos de 2025<\/strong> los accidentes laborales han <strong>segado al finalizar el mes de noviembre la vida de<\/strong> <strong>63 personas trabajadoras<\/strong>, frente a los 61 registrados en este periodo de 2024 y se han registrado hasta septiembre, un total de 64.263 accidentes laborales de los cuales 199 son en el Sector Agricultura, 6.241 en el Sector Industria, 8.813 en el Sector Construcci\u00f3n y sigue siendo el Sector Servicios el que m\u00e1s accidentes laborales soporta, un total de 37.955 en lo que llevamos de a\u00f1o.<\/p>\n<p>Aunque ha registrado un ligero descenso en el total de los accidentes laborales, un 2,39% menos con respecto al periodo enero septiembre del 2024, desde UGT Madrid seguimos manifestando que tenemos cifras siniestralidad intolerables y que el simple hecho de ser una de las comunidades aut\u00f3nomas con menor siniestralidad laboral no implica una relajaci\u00f3n Enel cumplimiento de la legislaci\u00f3n de prevencion de riesgos laborales.<\/p>\n<p><strong>ACABAR CON LA SINIESTRALIDAD ES RESPONSABILIDAD EMPRESARIAL<\/strong><\/p>\n<p>Desde el sindicato animamos a participar en la manifestaci\u00f3n que el pr\u00f3ximo 16 de octubre tenemos prevista frente a la sede de la CEOE, por la salud laboral, bajo el lema: \u201cACABAR CON LA SINIESTRALIDAD ES RESPONSABILIDAD EMPRESARIAL\u201d, de 11.00 a 14.00 horas.<\/p>\n<p>No cesaremos en nuestro empe\u00f1o de crear centros de trabajo seguros, en los que se cumpla la Ley de prevenci\u00f3n de riesgos laborales y se proteja la salud mental de los trabajadores y trabajadoras de la Comunidad de Madrid.<\/p>\n<p>&nbsp;<\/p>\n","protected":false},"excerpt":{"rendered":"<p>Este mes de septiembre las cifras de siniestralidad laboral de nuestra Comunidad Aut\u00f3noma nos alertan&#8230;<\/p>\n","protected":false},"author":3,"featured_media":3207,"comment_status":"closed","ping_status":"closed","sticky":false,"template":"","format":"standard","meta":{"_seopress_robots_primary_cat":"none","_seopress_titles_title":"","_seopress_titles_desc":"","_seopress_robots_index":"","_jetpack_memberships_contains_paid_content":false,"footnotes":""},"categories":[3],"tags":[],"class_list":["post-3204","post","type-post","status-publish","format-standard","has-post-thumbnail","hentry","category-salud-laboral"],"jetpack_featured_media_url":"https:\/\/saludlaboralmadridugt.org\/wp-content\/uploads\/2025\/10\/CARTEL-CONCENTRACION-16.10.25-POR-LA-SINIESTRALIDAD-LABORAL-e1760530237620.jpeg","jetpack_sharing_enabled":true,"_links":{"self":[{"href":"https:\/\/saludlaboralmadridugt.org\/index.php\/wp-json\/wp\/v2\/posts\/3204","targetHints":{"allow":["GET"]}}],"collection":[{"href":"https:\/\/saludlaboralmadridugt.org\/index.php\/wp-json\/wp\/v2\/posts"}],"about":[{"href":"https:\/\/saludlaboralmadridugt.org\/index.php\/wp-json\/wp\/v2\/types\/post"}],"author":[{"embeddable":true,"href":"https:\/\/saludlaboralmadridugt.org\/index.php\/wp-json\/wp\/v2\/users\/3"}],"replies":[{"embeddable":true,"href":"https:\/\/saludlaboralmadridugt.org\/index.php\/wp-json\/wp\/v2\/comments?post=3204"}],"version-history":[{"count":1,"href":"https:\/\/saludlaboralmadridugt.org\/index.php\/wp-json\/wp\/v2\/posts\/3204\/revisions"}],"predecessor-version":[{"id":3208,"href":"https:\/\/saludlaboralmadridugt.org\/index.php\/wp-json\/wp\/v2\/posts\/3204\/revisions\/3208"}],"wp:featuredmedia":[{"embeddable":true,"href":"https:\/\/saludlaboralmadridugt.org\/index.php\/wp-json\/wp\/v2\/media\/3207"}],"wp:attachment":[{"href":"https:\/\/saludlaboralmadridugt.org\/index.php\/wp-json\/wp\/v2\/media?parent=3204"}],"wp:term":[{"taxonomy":"category","embeddable":true,"href":"https:\/\/saludlaboralmadridugt.org\/index.php\/wp-json\/wp\/v2\/categories?post=3204"},{"taxonomy":"post_tag","embeddable":true,"href":"https:\/\/saludlaboralmadridugt.org\/index.php\/wp-json\/wp\/v2\/tags?post=3204"}],"curies":[{"name":"wp","href":"https:\/\/api.w.org\/{rel}","templated":true}]}}