{"id":3143,"date":"2025-09-26T07:20:26","date_gmt":"2025-09-26T07:20:26","guid":{"rendered":"https:\/\/saludlaboralmadridugt.org\/?p=3143"},"modified":"2025-09-26T07:20:26","modified_gmt":"2025-09-26T07:20:26","slug":"52-personas-han-fallecido-por-accidentes-de-trabajo-en-que-se-esta-fallando","status":"publish","type":"post","link":"https:\/\/saludlaboralmadridugt.org\/index.php\/2025\/09\/26\/52-personas-han-fallecido-por-accidentes-de-trabajo-en-que-se-esta-fallando\/","title":{"rendered":"52 PERSONAS HAN FALLECIDO POR ACCIDENTES DE TRABAJO \u00bfEN QU\u00c9 SE EST\u00c1 FALLANDO?"},"content":{"rendered":"<p>Seg\u00fan los datos oficiales facilitados por el Instituto Regional de Seguridad y Salud en el Trabajo, en la Comunidad de Madrid, durante el pasado mes de agosto, se han registrado <strong>3 accidentes de trabajo con causa de muerte.<\/strong> Los sectores a los que pertenec\u00edan las personas trabajadoras fallecidas son: 1 al sector de Servicios, 1 a Construcci\u00f3n y 1 al Sector de Otros Servicios.<\/p>\n<p>Las causas de los accidentes mortales se deben; en el Sector servicios ha sido por Patolog\u00edas No Traum\u00e1ticas (PNT), o lo que es lo mismo, derrame cerebral, ictus, infartos, generalmente debidos a riesgos psicosociales, el trabajador fallecido del sector de Construcci\u00f3n se ha producido por una ca\u00edda desde altura, y el de Sector Otros Servicios por accidente de tr\u00e1fico <em>\u201cin it\u00ednere\u201d<\/em>.<\/p>\n<p>En el mes de agosto, la Seguridad Vial laboral, la ca\u00edda en altura y las Patolog\u00edas No Traum\u00e1ticas (PNT) han sido las causas principales de la mortalidad en el trabajo, en nuestra Regi\u00f3n.<\/p>\n<p><strong>En el mes de agosto,<\/strong> se han registrado un total de <strong>5.893 accidentes<\/strong> laborales, de los que 4.897 accidentes se han producido en jornada laboral y 996 en la ida y vuelta al trabajo \u201c<em>In itinere\u201d.<\/em><\/p>\n<p><strong>No se avanza en la Seguridad y Salud Laboral<\/strong><\/p>\n<p>Respecto al mismo mes de 2024, se han reducido en 195 accidentes totales menos, un (-3,20%), pero lo que destacamos en la siniestralidad del pasado a\u00f1o y de 2025 en el mismo mes de agosto, es la coincidencia que <strong>52 personas han fallecido por el hecho de trabajar,<\/strong> y no se avanza en la reducci\u00f3n de la siniestralidad laboral.<\/p>\n<p>La integraci\u00f3n de la Ley de prevenci\u00f3n de riesgos laborales en la gesti\u00f3n de la empresa, no se produce en el tejido empresarial de la micropyme, ni de las subcontratas, as\u00ed como en formaci\u00f3n e informaci\u00f3n en prevenci\u00f3n de riesgos y en tener a pie de tarea peligrosa, la presencia de la figura del Recurso Preventivo, y la ausencia de vigilancia y control. El incumplimiento de la Norma est\u00e1 a la orden del d\u00eda y los datos lo reflejan.<\/p>\n<p>En lo que llevamos de a\u00f1o, son 52 personas fallecidas que se dirigieron a su trabajo y a no han regresado a casa, que han dejado otras v\u00edctimas como son los familiares y amistades.<\/p>\n<p>En la Comunidad de Madrid de enero a agosto se ha producido 56.784 accidentes laborales de los que 46.998 has sido durante la jornada laboral y 9.786 se ha producido <em>\u201cIn Itinere<\/em>\u201d, a pesar de que se registra un ligero descenso con respecto al mismo periodo del pasado a\u00f1o (58.719), los accidentes mortales en jornada laboral se han incrementado 43 accidentes este a\u00f1o y 42 en agosto de 2024.<\/p>\n<p>En lo que llevamos de a\u00f1o tambi\u00e9n se han incrementado los accidentes graves de trabajo en Industria un 9,09 %, pasando de 22 en 2024 a 24 accidentes en este a\u00f1o. Y las Patolog\u00edas no Traum\u00e1ticas contin\u00faan siendo la primera causa de muerte en el trabajo hasta agosto de 2025; 25 personas trabajadoras han fallecido debido a ellas, mientras que en el mismo periodo de 2024 fueron 24 las fallecidas.<\/p>\n<p>En estos momentos en los que estamos sufriendo una intensa ola calor, desde el Sindicato recordamos la importancia de la prevenci\u00f3n de riesgos laborales en los trabajos al aire libre durante, los periodos de altas temperaturas.<\/p>\n<p>Las empresas deben realizar la evaluaci\u00f3n de los riesgos laborales relacionados con la exposici\u00f3n a fen\u00f3menos meteorol\u00f3gicos adversos, incluyendo las temperaturas extremas en la que deber\u00e1n tenerse en cuenta las caracter\u00edsticas de la tarea y las caracter\u00edsticas perd\u00f3nales y el estado biol\u00f3gico conocido de la persona. Adem\u00e1s, se deben adoptar las medidas preventivas que se deriven de los resultados de la evaluaci\u00f3n de riesgos.<\/p>\n<p>Para los casos de alertas meteorol\u00f3gicas de nivel naranja o rojo, se hace obligatorio adaptar las condiciones de trabajo, mediante la reducci\u00f3n o modificaci\u00f3n delas horas de desarrollo de la jornada y si no se puede garantizar la debida protecci\u00f3n de la persona trabajadora, se proh\u00edbe el desarrollo de determinadas tareas durante las horas del d\u00eda en las que se den esos fen\u00f3menos adversos. Nunca en estos casos se reducir\u00e1 el salario.<\/p>\n","protected":false},"excerpt":{"rendered":"<p>Seg\u00fan los datos oficiales facilitados por el Instituto Regional de Seguridad y Salud en el&#8230;<\/p>\n","protected":false},"author":3,"featured_media":3141,"comment_status":"closed","ping_status":"closed","sticky":false,"template":"","format":"standard","meta":{"_seopress_robots_primary_cat":"none","_seopress_titles_title":"","_seopress_titles_desc":"","_seopress_robots_index":"","_jetpack_memberships_contains_paid_content":false,"footnotes":""},"categories":[3],"tags":[],"class_list":["post-3143","post","type-post","status-publish","format-standard","has-post-thumbnail","hentry","category-salud-laboral"],"jetpack_featured_media_url":"https:\/\/saludlaboralmadridugt.org\/wp-content\/uploads\/2025\/09\/mapa-accidentes-52.png","jetpack_sharing_enabled":true,"_links":{"self":[{"href":"https:\/\/saludlaboralmadridugt.org\/index.php\/wp-json\/wp\/v2\/posts\/3143","targetHints":{"allow":["GET"]}}],"collection":[{"href":"https:\/\/saludlaboralmadridugt.org\/index.php\/wp-json\/wp\/v2\/posts"}],"about":[{"href":"https:\/\/saludlaboralmadridugt.org\/index.php\/wp-json\/wp\/v2\/types\/post"}],"author":[{"embeddable":true,"href":"https:\/\/saludlaboralmadridugt.org\/index.php\/wp-json\/wp\/v2\/users\/3"}],"replies":[{"embeddable":true,"href":"https:\/\/saludlaboralmadridugt.org\/index.php\/wp-json\/wp\/v2\/comments?post=3143"}],"version-history":[{"count":1,"href":"https:\/\/saludlaboralmadridugt.org\/index.php\/wp-json\/wp\/v2\/posts\/3143\/revisions"}],"predecessor-version":[{"id":3146,"href":"https:\/\/saludlaboralmadridugt.org\/index.php\/wp-json\/wp\/v2\/posts\/3143\/revisions\/3146"}],"wp:featuredmedia":[{"embeddable":true,"href":"https:\/\/saludlaboralmadridugt.org\/index.php\/wp-json\/wp\/v2\/media\/3141"}],"wp:attachment":[{"href":"https:\/\/saludlaboralmadridugt.org\/index.php\/wp-json\/wp\/v2\/media?parent=3143"}],"wp:term":[{"taxonomy":"category","embeddable":true,"href":"https:\/\/saludlaboralmadridugt.org\/index.php\/wp-json\/wp\/v2\/categories?post=3143"},{"taxonomy":"post_tag","embeddable":true,"href":"https:\/\/saludlaboralmadridugt.org\/index.php\/wp-json\/wp\/v2\/tags?post=3143"}],"curies":[{"name":"wp","href":"https:\/\/api.w.org\/{rel}","templated":true}]}}