{"id":3020,"date":"2025-08-04T09:49:28","date_gmt":"2025-08-04T09:49:28","guid":{"rendered":"https:\/\/saludlaboralmadridugt.org\/?p=3020"},"modified":"2025-08-04T09:49:28","modified_gmt":"2025-08-04T09:49:28","slug":"ugt-madrid-exige-blindar-el-derecho-a-la-desconexion-digital-para-frenar-la-epidemia-de-bajas-por-salud-mental","status":"publish","type":"post","link":"https:\/\/saludlaboralmadridugt.org\/index.php\/2025\/08\/04\/ugt-madrid-exige-blindar-el-derecho-a-la-desconexion-digital-para-frenar-la-epidemia-de-bajas-por-salud-mental\/","title":{"rendered":"UGT Madrid exige blindar el derecho a la desconexi\u00f3n digital para frenar la epidemia de bajas por salud mental"},"content":{"rendered":"<h2>UGT lanza su informe sobre \u201cDesconexi\u00f3n digital y salud mental: la verdadera cara del absentismo\u201d, poniendo el foco en la hiperconectividad laboral, la vulneraci\u00f3n del derecho a la desconexi\u00f3n digital y su impacto nocivo en la salud mental de las personas trabajadoras<\/h2>\n<p>La Uni\u00f3n General de Trabajadoras y Trabajadores (UGT) ha publicado un informe que pone de relieve la constante vulneraci\u00f3n del derecho a la desconexi\u00f3n digital y las consecuencias que provoca en la estabilidad psicol\u00f3gica de las personas trabajadoras.<\/p>\n<p>En las \u00faltimas semanas, se ha desatado una campa\u00f1a de criminalizaci\u00f3n contra quienes que, por causa de enfermedad, no pueden ir a su trabajo. Se ha hecho \u00e9nfasis en afirmaciones directamente inciertas o malintencionadas, como incluir dentro del t\u00e9rmino absentismo derechos consolidados e imprescindibles como los de maternidad o paternidad, el fallecimiento de un familiar, las vacaciones, accidentes de trabajo o la imposibilidad de ir a trabajar por estar enfermo.<\/p>\n<p>Desde UGT consideramos que se est\u00e1 desviando el debate para no hablar de diferentes pr\u00e1cticas empresariales que hacen mella en la salud mental de las personas trabajadoras, como puede ser el masivo incumplimiento de la obligatoria desconexi\u00f3n digital.<\/p>\n<p><strong>Los datos que desenmascaran el absentismo laboral<\/strong><\/p>\n<p>Si bien la desconexi\u00f3n digital suele ser un aspecto que se pone de relieve en el periodo vacacional, su inobservancia se lleva a cualquier momento del a\u00f1o o del d\u00eda. En consecuencia, UGT acaba de presentar un nuevo estudio con el t\u00edtulo\u00a0<em>DESCONEXI\u00d3N DIGITAL: DESENMASCARANDO EL ABSENTISMO<\/em>, en donde podemos encontrar datos tan contundentes como:<\/p>\n<ul>\n<li>Una persona trabajadora recibe, de media, alrededor de 120 correos corporativos al d\u00eda. Un 10% de las personas trabajadoras revisa su bandeja de entrada de forma compulsiva (constantemente) y otro 10% lo consulta al menos una vez por hora.<\/li>\n<li>Los chats enviados fuera del horario laboral habitual de 9 a 5 alcanzar una media de 58 mensajes por persona, que se lanzan antes o despu\u00e9s del horario laboral.<\/li>\n<li>Un 40% de las personas trabajadoras est\u00e1n en l\u00ednea a las 6 am, revisando su correo electr\u00f3nico para conocer las prioridades del d\u00eda.<\/li>\n<li>A las 22:00, un tercio vuelve a revisar sus bandejas de entrada. Como consecuencia, se constata el nacimiento de un tercer pico de trabajo alrededor de la cena, con una duraci\u00f3n aproximada de una hora.<\/li>\n<\/ul>\n<p>En funci\u00f3n de estas cifras podemos afirmar que es un hecho demostrado y demostrable que la capilarizaci\u00f3n de las nuevas tecnolog\u00edas empuja a las personas a trabajar fuera de su horario de trabajo. La presi\u00f3n psicol\u00f3gica que ejerce esta perenne instantaneidad sobre las personas tiene un impacto nocivo y duradero en el equilibrio psicol\u00f3gico de cualquier persona.<\/p>\n<p><strong>Proteger la salud mental pasa por garantizar la desconexi\u00f3n digital<\/strong><\/p>\n<p>En consecuencia, el sindicato propone una serie de medidas bajo el lema Proteger la salud mental; garantizar la desconexi\u00f3n, tales como elevar el Derecho a la Desconexi\u00f3n Digital a la categor\u00eda de derecho fundamental, promulgar una reforma legislativa que blinde el ejercicio de este derecho, incardinarlo como un elemento m\u00e1s dentro del \u00e1mbito de la protecci\u00f3n frente a los riesgos laborales y la vigilancia de la salud y, finalmente, enfocar el deber in vigilando del empleador para que no se permitan abusos fuera de horario.<\/p>\n<p>Desde UGT Madrid se insiste en que el derecho a la desconexi\u00f3n digital no puede seguir siendo papel mojado ni depender de la buena voluntad de las empresas. \u201cHay que dar un paso adelante. Es necesario convertir este derecho en un principio fundamental, ligado al derecho constitucional al descanso, la salud y la limitaci\u00f3n de jornada\u201d, seg\u00fanmanifiesta Pedro Fuentes, Secretario de salud Laboral y Medio Ambiente de UGT Madrid<\/p>\n<h3><b>Por ello, desde\u00a0 UGT Madrid proponemos:<\/b><\/h3>\n<p><b>Prohibir comunicaciones laborales fuera de horario\u00a0<\/b>salvo emergencia justificada.<\/p>\n<p><b>Registrar todo acceso a herramientas corporativas fuera de la jornada<\/b>\u00a0como tiempo efectivo de trabajo.<\/p>\n<p><b>Negociar obligatoriamente protocolos de desconexi\u00f3n<\/b>\u00a0con la representaci\u00f3n sindical.<\/p>\n<p><b>Incluir la desconexi\u00f3n digital en las evaluaciones de riesgos\u00a0<\/b><b>psicosociales<\/b>\u00a0como<b><\/b>medida preventiva de salud laboral.<\/p>\n<h3><b>Una cultura laboral que debe cambiar<\/b><\/h3>\n<p>UGT Madrid hace un llamamiento a las administraciones madrile\u00f1as, a las empresas y a toda la sociedad a tomarse en serio este problema. \u201cNo se puede seguir culpando a las personas trabajadoras cuando enferman. El foco debe estar en las condiciones que provocan ese sufrimiento. Y una de ellas es la hiperconectividad impuesta por el actual modelo laboral\u201d, subraya Pedro Fuentes.<\/p>\n<p>Desde la organizaci\u00f3n se recuerda que, en la Comunidad de Madrid, el 66% de las personas que teletrabajan lo hacen fuera del horario laboral, y un 30% afirma que el teletrabajo les dificulta desconectar. Son cifras que demuestran claramente la emergencia de intervenir con medidas claras, efectivas y garantistas.<\/p>\n<p>Oroteger la salud mental de las personas trabajadoras no es una opci\u00f3n: es una obligaci\u00f3n social, legal y pol\u00edtica. El derecho al descanso no puede ser negociable. La desconexi\u00f3n digital debe dejar de ser una promesa y convertirse en una realidad.<\/p>\n<p>En definitiva, debemos encauzar el debate del absentismo en c\u00f3mo proteger la salud de las personas trabajadoras mediante un derecho real y efectivo a la desconexi\u00f3n digital.<\/p>\n<p>&gt;&gt; Desc\u00e1rgate aqu\u00ed el\u00a0<a href=\"https:\/\/saludlaboralmadridugt.org\/wp-content\/uploads\/2025\/08\/250717_UGT_Informe_Desconexion_SaludMental_Absentismo.pdf\"><strong>INFORME<\/strong><\/a><\/p>\n","protected":false},"excerpt":{"rendered":"<p>UGT lanza su informe sobre \u201cDesconexi\u00f3n digital y salud mental: la verdadera cara del absentismo\u201d,&#8230;<\/p>\n","protected":false},"author":3,"featured_media":3024,"comment_status":"closed","ping_status":"closed","sticky":false,"template":"","format":"standard","meta":{"_seopress_robots_primary_cat":"none","_seopress_titles_title":"","_seopress_titles_desc":"","_seopress_robots_index":"","_jetpack_memberships_contains_paid_content":false,"footnotes":""},"categories":[3],"tags":[],"class_list":["post-3020","post","type-post","status-publish","format-standard","has-post-thumbnail","hentry","category-salud-laboral"],"jetpack_featured_media_url":"https:\/\/saludlaboralmadridugt.org\/wp-content\/uploads\/2025\/08\/GxFxjE5WUAEem9t.jpg","jetpack_sharing_enabled":true,"_links":{"self":[{"href":"https:\/\/saludlaboralmadridugt.org\/index.php\/wp-json\/wp\/v2\/posts\/3020","targetHints":{"allow":["GET"]}}],"collection":[{"href":"https:\/\/saludlaboralmadridugt.org\/index.php\/wp-json\/wp\/v2\/posts"}],"about":[{"href":"https:\/\/saludlaboralmadridugt.org\/index.php\/wp-json\/wp\/v2\/types\/post"}],"author":[{"embeddable":true,"href":"https:\/\/saludlaboralmadridugt.org\/index.php\/wp-json\/wp\/v2\/users\/3"}],"replies":[{"embeddable":true,"href":"https:\/\/saludlaboralmadridugt.org\/index.php\/wp-json\/wp\/v2\/comments?post=3020"}],"version-history":[{"count":1,"href":"https:\/\/saludlaboralmadridugt.org\/index.php\/wp-json\/wp\/v2\/posts\/3020\/revisions"}],"predecessor-version":[{"id":3025,"href":"https:\/\/saludlaboralmadridugt.org\/index.php\/wp-json\/wp\/v2\/posts\/3020\/revisions\/3025"}],"wp:featuredmedia":[{"embeddable":true,"href":"https:\/\/saludlaboralmadridugt.org\/index.php\/wp-json\/wp\/v2\/media\/3024"}],"wp:attachment":[{"href":"https:\/\/saludlaboralmadridugt.org\/index.php\/wp-json\/wp\/v2\/media?parent=3020"}],"wp:term":[{"taxonomy":"category","embeddable":true,"href":"https:\/\/saludlaboralmadridugt.org\/index.php\/wp-json\/wp\/v2\/categories?post=3020"},{"taxonomy":"post_tag","embeddable":true,"href":"https:\/\/saludlaboralmadridugt.org\/index.php\/wp-json\/wp\/v2\/tags?post=3020"}],"curies":[{"name":"wp","href":"https:\/\/api.w.org\/{rel}","templated":true}]}}