{"id":2983,"date":"2025-07-14T14:01:05","date_gmt":"2025-07-14T14:01:05","guid":{"rendered":"https:\/\/saludlaboralmadridugt.org\/?p=2983"},"modified":"2025-07-14T14:01:05","modified_gmt":"2025-07-14T14:01:05","slug":"la-mortalidad-por-accidentes-laborales-no-deja-de-crecer","status":"publish","type":"post","link":"https:\/\/saludlaboralmadridugt.org\/index.php\/2025\/07\/14\/la-mortalidad-por-accidentes-laborales-no-deja-de-crecer\/","title":{"rendered":"LA MORTALIDAD POR ACCIDENTES LABORALES NO DEJA DE CRECER"},"content":{"rendered":"<p>En la Comunidad de Madrid, se han registrado durante el mes de junio del 2025 un total de 5 accidentes mortales, de los cuales ninguno ha sido In-Itinere. De los 5 accidentes laborales mortales, 4 de ellos se han registrado en el sector Construcci\u00f3n y 1 en el sector Industria.<\/p>\n<p>Analizando las causas, las Patolog\u00edas No Traum\u00e1ticas (PNT) y las ca\u00eddas en altura siguen siendo las causas que m\u00e1s accidentes laborales ocasionan, produci\u00e9ndose este mes, 3 fallecimientos por Patolog\u00edas No Traum\u00e1ticas y 2 por ca\u00eddas de altura.<\/p>\n<p>En el mes de junio, se han registrado un total de 7.579 accidentes laborales, con respecto al mismo mes del 2024 se han producido 1.139 accidentes laborales m\u00e1s lo que significa un aumento del 17,69%. Del total de los accidentes registrados 6.289 han sido en jornada laboral y 1.290 In itinere.<\/p>\n<p>Desde el sindicato seguimos poniendo la alerta en el continuo aumento de los accidentes mortales, este mes de junio se han producido un 25% mas que el mismo mes del 2024. Es evidente que la Ley de Prevenci\u00f3n de Riesgos Laborales no ha conseguido uno de sus principales objetivos como es el de que la prevenci\u00f3n de riesgos laborales se integre en el sistema general de gesti\u00f3n de la empresa.<\/p>\n<p><strong>En el primer semestre del a\u00f1o 44 personas han perdido su vida por el simple hecho de trabajar<\/strong><\/p>\n<p>Nuestra comunidad acumula 43.107 accidentes laborales en los primeros 6 meses del a\u00f1o, de los cuales 35.609 son durante la jornada laboral y 7.498 son In Itinere, a pesar de que se registra un ligero descenso con respecto al a\u00f1o pasado, son cifras inaceptables, en especial las correspondientes a los accidentes laborales mortales. Las cifras provisionales nos muestran que 44 personas no han podido continuar su vida a causa de un accidente laboral mortal, lo que supone un aumento del 15,79% en los accidentes laborales mortales con respecto al mismo periodo del 2024.<\/p>\n<p>No son solo datos, son vidas truncadas y familias rotas por falta de las medidas preventivas reales, lamentamos la elevada siniestralidad laboral en nuestra Comunidad Aut\u00f3noma y mostramos nuestro dolor, pesar y solidaridad con las familias, los compa\u00f1eros y compa\u00f1eras de las v\u00edctimas de los accidentes de trabajo.<\/p>\n<p><strong>Contin\u00faan aumentando los fallecimientos causados por PNT <\/strong><\/p>\n<p>Hay que se\u00f1alar que la principal causa de las muertes a consecuencia del trabajo son las PNT (los infartos, derrames cerebrales, etc.), en lo que llevamos de a\u00f1o, seg\u00fan datos provisionales, 22 personas han fallecido por esta causa.<\/p>\n<p><strong>Desde UGT Madrid no nos cansamos de dar voz a este tipo de patolog\u00edas que son la principal causa de las muertes entre los madrile\u00f1os y madrile\u00f1as trabajadoras. <\/strong><\/p>\n<p>Es crucial que estas patolog\u00edas sean identificadas y reconocidas como enfermedades profesionales y se gestionen como tal, puesto que <strong>lo que no se ve no se previene.<\/strong><\/p>\n<p><strong>\u00a0<\/strong>En estos d\u00edas donde se est\u00e1n registrando altas temperaturas, es importante vigilar el cumplimiento del <a href=\"https:\/\/www.boe.es\/buscar\/act.php?id=BOE-A-2023-11187\">Real Decreto-ley 4\/2023, de 11 de mayo<\/a>, donde se establece que, en los trabajos al aire libre, y en aquellos lugares de trabajo que no puedan quedar cerrados, se deber\u00e1n tomar las medidas adecuadas para la protecci\u00f3n de las personas trabajadoras frente a los fen\u00f3menos meteorol\u00f3gicos adversos, incluyendo las temperaturas extremas.<\/p>\n<p>UGT recuerda que, para los casos de alerta de nivel naranja o roja, y cuando las medidas preventivas no garanticen la protecci\u00f3n de las personas trabajadoras, se hace obligatorio adaptar las condiciones de trabajo, incluyendo la modificaci\u00f3n de las horas de la jornada, entre otras medidas preventivas. Estas consideraciones son de aplicaci\u00f3n a todos los lugares de trabajo, incluyendo a aquellos que el <a href=\"https:\/\/www.boe.es\/buscar\/act.php?id=BOE-A-1997-8669\">RD 486\/1997, del 14 de abril<\/a>, deja fuera de su objeto.<\/p>\n<p>Reiteramos nuestra exigencia de que se cumpla y se haga cumplir la normativa de prevenci\u00f3n de riesgos laborales, que se aumenten los recursos humanos y materiales tanto del Instituto Regional de Seguridad y Salud en Trabajo (IRSST), como de la Inspecci\u00f3n de Trabajo y Seguridad Social (ITSS), para que se puedan desarrollar las necesarias labores de vigilancia y control de la protecci\u00f3n de la salud de todas las personas trabajadoras de nuestra Comunidad.<\/p>\n<p>&nbsp;<\/p>\n","protected":false},"excerpt":{"rendered":"<p>En la Comunidad de Madrid, se han registrado durante el mes de junio del 2025&#8230;<\/p>\n","protected":false},"author":3,"featured_media":495,"comment_status":"closed","ping_status":"closed","sticky":false,"template":"","format":"standard","meta":{"_seopress_robots_primary_cat":"none","_seopress_titles_title":"","_seopress_titles_desc":"","_seopress_robots_index":"","_jetpack_memberships_contains_paid_content":false,"footnotes":""},"categories":[3],"tags":[],"class_list":["post-2983","post","type-post","status-publish","format-standard","has-post-thumbnail","hentry","category-salud-laboral"],"jetpack_featured_media_url":"https:\/\/saludlaboralmadridugt.org\/wp-content\/uploads\/2023\/04\/chico-caido-rejilla-scaled.jpeg","jetpack_sharing_enabled":true,"_links":{"self":[{"href":"https:\/\/saludlaboralmadridugt.org\/index.php\/wp-json\/wp\/v2\/posts\/2983","targetHints":{"allow":["GET"]}}],"collection":[{"href":"https:\/\/saludlaboralmadridugt.org\/index.php\/wp-json\/wp\/v2\/posts"}],"about":[{"href":"https:\/\/saludlaboralmadridugt.org\/index.php\/wp-json\/wp\/v2\/types\/post"}],"author":[{"embeddable":true,"href":"https:\/\/saludlaboralmadridugt.org\/index.php\/wp-json\/wp\/v2\/users\/3"}],"replies":[{"embeddable":true,"href":"https:\/\/saludlaboralmadridugt.org\/index.php\/wp-json\/wp\/v2\/comments?post=2983"}],"version-history":[{"count":1,"href":"https:\/\/saludlaboralmadridugt.org\/index.php\/wp-json\/wp\/v2\/posts\/2983\/revisions"}],"predecessor-version":[{"id":2986,"href":"https:\/\/saludlaboralmadridugt.org\/index.php\/wp-json\/wp\/v2\/posts\/2983\/revisions\/2986"}],"wp:featuredmedia":[{"embeddable":true,"href":"https:\/\/saludlaboralmadridugt.org\/index.php\/wp-json\/wp\/v2\/media\/495"}],"wp:attachment":[{"href":"https:\/\/saludlaboralmadridugt.org\/index.php\/wp-json\/wp\/v2\/media?parent=2983"}],"wp:term":[{"taxonomy":"category","embeddable":true,"href":"https:\/\/saludlaboralmadridugt.org\/index.php\/wp-json\/wp\/v2\/categories?post=2983"},{"taxonomy":"post_tag","embeddable":true,"href":"https:\/\/saludlaboralmadridugt.org\/index.php\/wp-json\/wp\/v2\/tags?post=2983"}],"curies":[{"name":"wp","href":"https:\/\/api.w.org\/{rel}","templated":true}]}}