{"id":2970,"date":"2025-07-04T10:05:40","date_gmt":"2025-07-04T10:05:40","guid":{"rendered":"https:\/\/saludlaboralmadridugt.org\/?p=2970"},"modified":"2025-07-07T11:21:23","modified_gmt":"2025-07-07T11:21:23","slug":"ugt-madrid-con-el-plan-director-2025","status":"publish","type":"post","link":"https:\/\/saludlaboralmadridugt.org\/index.php\/2025\/07\/04\/ugt-madrid-con-el-plan-director-2025\/","title":{"rendered":"UGT MADRID CON EL PLAN DIRECTOR 2025"},"content":{"rendered":"<p>UGT Madrid colabora con el Gobierno de la Comunidad de Madrid para mejorar las condiciones de seguridad y salud de las personas trabajadoras y reducir los \u00edndices de siniestralidad laboral en nuestra comunidad aut\u00f3noma. A pesar que desde comienzos de a\u00f1o estamos trabajando en diferentes actividades, recientemente se ha firmado el convenio de este 2025, por lo que desde nuestra Secretar\u00eda de Salud Laboral y Medio Ambiente podemos dar comienzo al total de todas las actuaciones de nuestro convenio 2025.<\/p>\n<p>Este Plan Director de Prevenci\u00f3n de Riesgos Laborales, como sus antecesores, tiene como objetivo fundamental la reducci\u00f3n de la siniestralidad laboral en atenci\u00f3n a los art\u00edculos 40.2 de la Constituci\u00f3n Espa\u00f1ola y 5 de la Ley 31\/1995, de 8 de noviembre, de Prevenci\u00f3n de Riesgos Laborales, instrumentando pol\u00edticas p\u00fablicas dirigidas a elevar el nivel de protecci\u00f3n de la seguridad y la salud en el trabajo.<\/p>\n<p>Este 2025, desde el sindicato se \u00a0llevar\u00e1n a cabo las siguientes actuaciones :<\/p>\n<ul>\n<li><strong>2.920 visitas a puerta fr\u00eda entre las empresas madrile\u00f1as.<\/strong><\/li>\n<li><strong>580 visitas a aut\u00f3nomos y aut\u00f3nomas sin personal a su cargo.<\/strong><\/li>\n<li><strong>1200 visitas de asesoramiento espec\u00edficas y\u00a0225 entrevistas de asesoramiento preventivo<\/strong> en las que se dar\u00e1 informaci\u00f3n sobre la Organizaci\u00f3n del trabajo, las enfermedades profesionales y la planificaci\u00f3n preventiva.<\/li>\n<li><strong>Investigaci\u00f3n de accidentes laborales<\/strong>.<\/li>\n<li><strong>Documentaci\u00f3n t\u00e9cnica<\/strong>: manuales, folletos informativos, estudios<\/li>\n<li><strong>Jornadas T\u00e9cnicas<\/strong>:\n<ul>\n<li>\u201cSalud Laboral y Negociaci\u00f3n colectiva\u201d el pr\u00f3ximo d\u00eda 17 septiembre 2025.<\/li>\n<li>\u00ab30 a\u00f1os de la Ley de Prevenci\u00f3n de Riesgos Laborales: los pr\u00f3ximos d\u00edas 5 y 6 de noviembre de 2025.<\/li>\n<\/ul>\n<\/li>\n<li><strong>Encuentros informativos<\/strong> entre nuestros delegados y delegadas y en diferentes centros educativos.<\/li>\n<li><strong>Cursos de formaci\u00f3n en materia preventiva<\/strong>: riesgos ergon\u00f3micos, primeros auxilios, riesgos de temperaturas extremas, agente de salud mental, etc.<\/li>\n<li><strong>Actuaciones de divulgaci\u00f3n y difusi\u00f3n<\/strong>: Revista informativa, bolet\u00edn online, tr\u00edpticos, campa\u00f1a de publicidad, infograf\u00edas, Stand, punto m\u00f3vil, calendarios de mesa, etc.<\/li>\n<li><strong>Material tecnol\u00f3gico e inform\u00e1tico<\/strong>: Memorias USB, videos tutoriales, mediometrajes,<\/li>\n<li><strong>Consultas<\/strong> <strong>para cualquier persona trabajadora de la Comunidad de Madrid<\/strong>, que podr\u00e1n ponerse en contacto con nosotros a trav\u00e9s de:\n<ul>\n<li>Correo electr\u00f3nico: <a href=\"mailto:slaboralymedioambiente@madrid.ugt.org\">slaboralymedioambiente@madrid.ugt.org<\/a><\/li>\n<li>Tel\u00e9fono: 91 589 09 88<\/li>\n<li>Presencialmente: Escuela Juli\u00e1n Besteiro, C\/Azcona 53<\/li>\n<\/ul>\n<\/li>\n<\/ul>\n<p>&nbsp;<\/p>\n<p>Estamos a vuestra disposici\u00f3n para cualquier duda, consulta o asesoramiento que necesites.<\/p>\n<p>&nbsp;<\/p>\n<p>Nuevos Riesgos en el Trabajo, MAS PREVENCI\u00d3N Y MAS PROTECCI\u00d3N<\/p>\n<p>&nbsp;<\/p>\n","protected":false},"excerpt":{"rendered":"<p>UGT Madrid colabora con el Gobierno de la Comunidad de Madrid para mejorar las condiciones&#8230;<\/p>\n","protected":false},"author":3,"featured_media":2973,"comment_status":"closed","ping_status":"closed","sticky":false,"template":"","format":"standard","meta":{"_seopress_robots_primary_cat":"none","_seopress_titles_title":"","_seopress_titles_desc":"","_seopress_robots_index":"","_jetpack_memberships_contains_paid_content":false,"footnotes":""},"categories":[3,33],"tags":[],"class_list":["post-2970","post","type-post","status-publish","format-standard","has-post-thumbnail","hentry","category-salud-laboral","category-vii-pld-2025"],"jetpack_featured_media_url":"https:\/\/saludlaboralmadridugt.org\/wp-content\/uploads\/2025\/07\/Collage-de-fotos-horizontal-flores-minimalista-azul-e1751623505814.png","jetpack_sharing_enabled":true,"_links":{"self":[{"href":"https:\/\/saludlaboralmadridugt.org\/index.php\/wp-json\/wp\/v2\/posts\/2970","targetHints":{"allow":["GET"]}}],"collection":[{"href":"https:\/\/saludlaboralmadridugt.org\/index.php\/wp-json\/wp\/v2\/posts"}],"about":[{"href":"https:\/\/saludlaboralmadridugt.org\/index.php\/wp-json\/wp\/v2\/types\/post"}],"author":[{"embeddable":true,"href":"https:\/\/saludlaboralmadridugt.org\/index.php\/wp-json\/wp\/v2\/users\/3"}],"replies":[{"embeddable":true,"href":"https:\/\/saludlaboralmadridugt.org\/index.php\/wp-json\/wp\/v2\/comments?post=2970"}],"version-history":[{"count":5,"href":"https:\/\/saludlaboralmadridugt.org\/index.php\/wp-json\/wp\/v2\/posts\/2970\/revisions"}],"predecessor-version":[{"id":2981,"href":"https:\/\/saludlaboralmadridugt.org\/index.php\/wp-json\/wp\/v2\/posts\/2970\/revisions\/2981"}],"wp:featuredmedia":[{"embeddable":true,"href":"https:\/\/saludlaboralmadridugt.org\/index.php\/wp-json\/wp\/v2\/media\/2973"}],"wp:attachment":[{"href":"https:\/\/saludlaboralmadridugt.org\/index.php\/wp-json\/wp\/v2\/media?parent=2970"}],"wp:term":[{"taxonomy":"category","embeddable":true,"href":"https:\/\/saludlaboralmadridugt.org\/index.php\/wp-json\/wp\/v2\/categories?post=2970"},{"taxonomy":"post_tag","embeddable":true,"href":"https:\/\/saludlaboralmadridugt.org\/index.php\/wp-json\/wp\/v2\/tags?post=2970"}],"curies":[{"name":"wp","href":"https:\/\/api.w.org\/{rel}","templated":true}]}}