{"id":2955,"date":"2025-07-02T12:56:56","date_gmt":"2025-07-02T12:56:56","guid":{"rendered":"https:\/\/saludlaboralmadridugt.org\/?p=2955"},"modified":"2025-07-02T12:56:56","modified_gmt":"2025-07-02T12:56:56","slug":"ugt-recuerda-que-las-empresas-deben-prevenir-la-exposicion-al-calor-con-protocolos-adecuados","status":"publish","type":"post","link":"https:\/\/saludlaboralmadridugt.org\/index.php\/2025\/07\/02\/ugt-recuerda-que-las-empresas-deben-prevenir-la-exposicion-al-calor-con-protocolos-adecuados\/","title":{"rendered":"UGT recuerda que las empresas deben prevenir la exposici\u00f3n al calor con protocolos adecuados"},"content":{"rendered":"<p>El sindicato recuerda a las empresas la obligaci\u00f3n de implementar medidas preventivas que eviten las consecuencias de las altas temperaturas sobre la salud de las personas trabajadoras, especialmente de aquellas que desarrollan su actividad al aire libre.<\/p>\n<p>Durante el verano, y ante las altas temperaturas registradas en todo el pa\u00eds, es esencial que las personas trabajadoras sean informadas de los riesgos asociados a la realizaci\u00f3n de sus tareas en estas condiciones y que conozcan los s\u00edntomas del golpe de calor. Adem\u00e1s, UGT advierte de que la exposici\u00f3n a la radiaci\u00f3n solar puede provocar c\u00e1ncer de piel o lesiones oculares.<\/p>\n<p>Beber agua con frecuencia, realizar pausas peri\u00f3dicas, vestir ropa transpirable, cubrirse la cabeza, utilizar gafas de sol y aplicarse cremas y b\u00e1lsamos labiales con protecci\u00f3n solar son medidas clave para evitar da\u00f1os a la salud. Del mismo modo, las personas trabajadoras deben disponer de zonas de sombra adecuadas.<\/p>\n<p>UGT insiste en que las empresas deben realizar la correspondiente evaluaci\u00f3n de riesgos laborales, en la que se contemple la exposici\u00f3n a altas temperaturas. En dicha evaluaci\u00f3n deber\u00e1n tenerse en cuenta tanto las caracter\u00edsticas del puesto de trabajo como las condiciones personales y el estado biol\u00f3gico conocido de la persona trabajadora.<\/p>\n<p>Mejor prevenir que curar<\/p>\n<p>En funci\u00f3n de los resultados de la evaluaci\u00f3n de riesgos, la empresa deber\u00e1 adoptar medidas preventivas, incluidas las organizativas, para evitar da\u00f1os a la salud. Adem\u00e1s de evitar la exposici\u00f3n al calor durante las horas de mayor intensidad, es necesario prevenir el trabajo en solitario y adaptar ritmos y cargas de trabajo. Para ello, resulta imprescindible la elaboraci\u00f3n de protocolos espec\u00edficos para proteger a las personas trabajadoras.<\/p>\n<p>En caso de que existan alertas o avisos meteorol\u00f3gicos de nivel naranja o rojo, y cuando las medidas preventivas no garanticen una protecci\u00f3n eficaz, ser\u00e1 obligatorio adaptar las condiciones de trabajo. Esto incluye la posibilidad de reducir o modificar la jornada laboral en funci\u00f3n de las condiciones clim\u00e1ticas.<\/p>\n<p>Solo en lo que va de verano, ya se han registrado tres fallecidos por altas temperaturas. Nadie debe sufrir un accidente en el trabajo los efectos de calor. Por ello, desde UGT, trabajamos para la prevenci\u00f3n de este y otros tipos de accidentes.<\/p>\n<p><a href=\"https:\/\/saludlaboralmadridugt.org\/wp-content\/uploads\/2024\/07\/Triptico-Trabajo-y-Altas-Temperaturas-2024-def.pdf\">TRIPTICO TRABAJOS A ALTAS TEMPERATURAS<\/a><\/p>\n","protected":false},"excerpt":{"rendered":"<p>El sindicato recuerda a las empresas la obligaci\u00f3n de implementar medidas preventivas que eviten las&#8230;<\/p>\n","protected":false},"author":3,"featured_media":2958,"comment_status":"closed","ping_status":"closed","sticky":false,"template":"","format":"standard","meta":{"_seopress_robots_primary_cat":"none","_seopress_titles_title":"","_seopress_titles_desc":"","_seopress_robots_index":"","_jetpack_memberships_contains_paid_content":false,"footnotes":""},"categories":[3],"tags":[],"class_list":["post-2955","post","type-post","status-publish","format-standard","has-post-thumbnail","hentry","category-salud-laboral"],"jetpack_featured_media_url":"https:\/\/saludlaboralmadridugt.org\/wp-content\/uploads\/2025\/07\/Altas-temperaturas_0-e1751460862238.jpg","jetpack_sharing_enabled":true,"_links":{"self":[{"href":"https:\/\/saludlaboralmadridugt.org\/index.php\/wp-json\/wp\/v2\/posts\/2955","targetHints":{"allow":["GET"]}}],"collection":[{"href":"https:\/\/saludlaboralmadridugt.org\/index.php\/wp-json\/wp\/v2\/posts"}],"about":[{"href":"https:\/\/saludlaboralmadridugt.org\/index.php\/wp-json\/wp\/v2\/types\/post"}],"author":[{"embeddable":true,"href":"https:\/\/saludlaboralmadridugt.org\/index.php\/wp-json\/wp\/v2\/users\/3"}],"replies":[{"embeddable":true,"href":"https:\/\/saludlaboralmadridugt.org\/index.php\/wp-json\/wp\/v2\/comments?post=2955"}],"version-history":[{"count":2,"href":"https:\/\/saludlaboralmadridugt.org\/index.php\/wp-json\/wp\/v2\/posts\/2955\/revisions"}],"predecessor-version":[{"id":2960,"href":"https:\/\/saludlaboralmadridugt.org\/index.php\/wp-json\/wp\/v2\/posts\/2955\/revisions\/2960"}],"wp:featuredmedia":[{"embeddable":true,"href":"https:\/\/saludlaboralmadridugt.org\/index.php\/wp-json\/wp\/v2\/media\/2958"}],"wp:attachment":[{"href":"https:\/\/saludlaboralmadridugt.org\/index.php\/wp-json\/wp\/v2\/media?parent=2955"}],"wp:term":[{"taxonomy":"category","embeddable":true,"href":"https:\/\/saludlaboralmadridugt.org\/index.php\/wp-json\/wp\/v2\/categories?post=2955"},{"taxonomy":"post_tag","embeddable":true,"href":"https:\/\/saludlaboralmadridugt.org\/index.php\/wp-json\/wp\/v2\/tags?post=2955"}],"curies":[{"name":"wp","href":"https:\/\/api.w.org\/{rel}","templated":true}]}}