{"id":2886,"date":"2025-04-23T11:50:26","date_gmt":"2025-04-23T11:50:26","guid":{"rendered":"https:\/\/saludlaboralmadridugt.org\/?p=2886"},"modified":"2025-04-23T11:52:51","modified_gmt":"2025-04-23T11:52:51","slug":"ugt-madrid-presenta-el-estudio-riesgos-emergentes-y-prevencion-de-riesgos-laborales","status":"publish","type":"post","link":"https:\/\/saludlaboralmadridugt.org\/index.php\/2025\/04\/23\/ugt-madrid-presenta-el-estudio-riesgos-emergentes-y-prevencion-de-riesgos-laborales\/","title":{"rendered":"UGT MADRID PRESENTA EL ESTUDIO RIESGOS EMERGENTES Y PREVENCI\u00d3N DE RIESGOS LABORALES"},"content":{"rendered":"<p>En los \u00faltimos a\u00f1os, han evolucionado nuevos riesgos laborales, presentando nuevos desafios para las empresas que deben identificarlos y evaluarlos para que nuestro entorno de trabajo sea seguro. Con la creciente digitalizaci\u00f3n, las personas trabajadoras se enfrentan a nuevas formas de estres y presi\u00f3n psicol\u00f3gica. La carga de trabajo, la falta de control sobre las nuevas formas de trabajo asignadas, la inseguridad laboral y la desconexi\u00f3n digital son solo algunas de las preocupaciones que afectan a la salud mental y emocional de las personas trabajadoras.<\/p>\n<p>El pr\u00f3ximo d\u00eda 25 de abril UGT Madrid celebra la\u00a0Jornada: <strong>\u201cPRESENTACI\u00d3N ESTUDIO RIESGOS EMERGENTES Y PREVENCI\u00d3N DE RIESGOS LABORALES <\/strong>\u201c, en el entorno del d\u00eda internacional de la Seguridad y Salud en el Trabajo. Esta jornada se encuentra dentro del marco de las actuaciones que llevar a cabo, a trav\u00e9s del convenio que desarrolla el VII Plan Director de Prevenci\u00f3n de Riesgos Laborales de la Comunidad de Madrid, para este a\u00f1o 2025-2026.<\/p>\n<p>El horario de la jornada ser\u00e1 de 9:30h a 13:30h, en la casa del pueblo de UGT, Avda. de Am\u00e9rica, 25, 5\u00aa planta, Sala 5E, 28002 Madrid. Os dejamos el cartel y programa de la misma<\/p>\n<p><a href=\"https:\/\/saludlaboralmadridugt.org\/wp-content\/uploads\/2025\/04\/Riesgos-emergentes-y-prevencion-de-riesgos-laborales.png\"><img loading=\"lazy\" decoding=\"async\" class=\"alignleft size-medium wp-image-2867\" src=\"https:\/\/saludlaboralmadridugt.org\/wp-content\/uploads\/2025\/04\/Riesgos-emergentes-y-prevencion-de-riesgos-laborales-212x300.png\" alt=\"\" width=\"212\" height=\"300\" \/><\/a> <a href=\"https:\/\/saludlaboralmadridugt.org\/wp-content\/uploads\/2025\/04\/Programa-25-abril.jpg\"><img loading=\"lazy\" decoding=\"async\" class=\"alignleft size-medium wp-image-2889\" src=\"https:\/\/saludlaboralmadridugt.org\/wp-content\/uploads\/2025\/04\/Programa-25-abril-212x300.jpg\" alt=\"\" width=\"212\" height=\"300\" srcset=\"https:\/\/saludlaboralmadridugt.org\/wp-content\/uploads\/2025\/04\/Programa-25-abril-212x300.jpg 212w, https:\/\/saludlaboralmadridugt.org\/wp-content\/uploads\/2025\/04\/Programa-25-abril.jpg 352w\" sizes=\"auto, (max-width: 212px) 100vw, 212px\" \/><\/a><\/p>\n<p>&nbsp;<\/p>\n<p>&nbsp;<\/p>\n<p>&nbsp;<\/p>\n<p>&nbsp;<\/p>\n<p>&nbsp;<\/p>\n<p>&nbsp;<\/p>\n<p>&nbsp;<\/p>\n<p>&nbsp;<\/p>\n<p>Podeis asistir presencialmente a la misma realizando la inscripcion a traves del enlace:<\/p>\n<p><a href=\"https:\/\/forms.gle\/YrmxaBeExPQjVqfj6\">https:\/\/forms.gle\/YrmxaBeExPQjVqfj6<\/a><\/p>\n<p>O podeis seguirla en directo pinchando en:\u00a0 <a href=\"https:\/\/us06web.zoom.us\/j\/84917350566?pwd=Ju2hvtZbAGqy3xDvghzC3kpIuDTjUM.1\">\u00danase a la reuni\u00f3n de Zoom<\/a><\/p>\n<p>&nbsp;<\/p>\n<p>&nbsp;<\/p>\n","protected":false},"excerpt":{"rendered":"<p>En los \u00faltimos a\u00f1os, han evolucionado nuevos riesgos laborales, presentando nuevos desafios para las empresas&#8230;<\/p>\n","protected":false},"author":3,"featured_media":2867,"comment_status":"closed","ping_status":"closed","sticky":false,"template":"","format":"standard","meta":{"_seopress_robots_primary_cat":"none","_seopress_titles_title":"","_seopress_titles_desc":"","_seopress_robots_index":"","_jetpack_memberships_contains_paid_content":false,"footnotes":""},"categories":[1,33],"tags":[],"class_list":["post-2886","post","type-post","status-publish","format-standard","has-post-thumbnail","hentry","category-uncategorized","category-vii-pld-2025"],"jetpack_featured_media_url":"https:\/\/saludlaboralmadridugt.org\/wp-content\/uploads\/2025\/04\/Riesgos-emergentes-y-prevencion-de-riesgos-laborales-e1745409157953.png","jetpack_sharing_enabled":true,"_links":{"self":[{"href":"https:\/\/saludlaboralmadridugt.org\/index.php\/wp-json\/wp\/v2\/posts\/2886","targetHints":{"allow":["GET"]}}],"collection":[{"href":"https:\/\/saludlaboralmadridugt.org\/index.php\/wp-json\/wp\/v2\/posts"}],"about":[{"href":"https:\/\/saludlaboralmadridugt.org\/index.php\/wp-json\/wp\/v2\/types\/post"}],"author":[{"embeddable":true,"href":"https:\/\/saludlaboralmadridugt.org\/index.php\/wp-json\/wp\/v2\/users\/3"}],"replies":[{"embeddable":true,"href":"https:\/\/saludlaboralmadridugt.org\/index.php\/wp-json\/wp\/v2\/comments?post=2886"}],"version-history":[{"count":1,"href":"https:\/\/saludlaboralmadridugt.org\/index.php\/wp-json\/wp\/v2\/posts\/2886\/revisions"}],"predecessor-version":[{"id":2890,"href":"https:\/\/saludlaboralmadridugt.org\/index.php\/wp-json\/wp\/v2\/posts\/2886\/revisions\/2890"}],"wp:featuredmedia":[{"embeddable":true,"href":"https:\/\/saludlaboralmadridugt.org\/index.php\/wp-json\/wp\/v2\/media\/2867"}],"wp:attachment":[{"href":"https:\/\/saludlaboralmadridugt.org\/index.php\/wp-json\/wp\/v2\/media?parent=2886"}],"wp:term":[{"taxonomy":"category","embeddable":true,"href":"https:\/\/saludlaboralmadridugt.org\/index.php\/wp-json\/wp\/v2\/categories?post=2886"},{"taxonomy":"post_tag","embeddable":true,"href":"https:\/\/saludlaboralmadridugt.org\/index.php\/wp-json\/wp\/v2\/tags?post=2886"}],"curies":[{"name":"wp","href":"https:\/\/api.w.org\/{rel}","templated":true}]}}