{"id":2745,"date":"2025-03-18T07:48:01","date_gmt":"2025-03-18T07:48:01","guid":{"rendered":"https:\/\/saludlaboralmadridugt.org\/?p=2745"},"modified":"2025-03-18T07:48:01","modified_gmt":"2025-03-18T07:48:01","slug":"durante-el-mes-de-febrero-se-han-registrado-7-accidentes-laborales-mortales","status":"publish","type":"post","link":"https:\/\/saludlaboralmadridugt.org\/index.php\/2025\/03\/18\/durante-el-mes-de-febrero-se-han-registrado-7-accidentes-laborales-mortales\/","title":{"rendered":"DURANTE EL MES DE FEBRERO SE HAN REGISTRADO 7 ACCIDENTES LABORALES MORTALES"},"content":{"rendered":"<p>LOS INFARTOS Y DERRAMES CEREBRALES SUPONEN LA PRIMERA CAUSA DE MUERTE EN JORNADA DE TRABAJO EN NUESTRA REGI\u00d3N<\/p>\n<p>En la Comunidad de Madrid, se han registrado durante el mes de febrero de 2025 un total de 7 accidentes mortales, de los cuales ninguno ha sido in-Itinere.<br \/>\nDe los 7 accidentes mortales, 2 han ocurrido en el Sector Construcci\u00f3n y 5 en el Sector Servicios, que contin\u00faa acumulando el mayor n\u00famero de accidentes laborales. La mayor causa de mortalidad laboral este mes de febrero, vuelve a ser las Patolog\u00edas no Traum\u00e1ticas (enfermedades que agrupan una serie de trastornos del coraz\u00f3n y los vasos sangu\u00edneos, como la cardiopat\u00eda coronaria, los accidentes cerebrovasculares y las cardiopat\u00edas reum\u00e1ticas), 6 personas trabajadoras han fallecido por esta causa, lo que supone un 85,71 % de las causas y una persona ha fallecido a consecuencia de una deflagraci\u00f3n provocada por un escape de gas en domicilio privado que ocurri\u00f3 el pasado 28 de noviembre de 2024.<\/p>\n<p>A pesar que el total de los accidentes laborales, en general han presentado un ligero descenso registr\u00e1ndose 14.545 accidentes laborales en lo que llevamos de a\u00f1o frente a los 15.600 registrados en el mismo periodo del 2024 el n\u00famero de accidentes mortales y graves en jornada laboral de este febrero del 2025 han sido superiores que los sucedidos en el mismo mes del 2024.<\/p>\n<p>Para UGT Madrid este ligero descenso no es suficiente, puesto que han sido 15 las personas que no han vuelto a sus hogares en lo que llevamos de a\u00f1o. Se necesitan m\u00e1s recursos humanos y materiales que hagan cumplir con la Ley de Prevenci\u00f3n de Riesgos Laborales e implicaci\u00f3n de las administraciones p\u00fablicas tanto locales como auton\u00f3mica que denuncien cada uno de los actos que conllevan un incumplimiento de la normativa.<\/p>\n<p>Desde el sindicato recordamos que es necesario agilizar la aprobaci\u00f3n de acciones como el VII Plan Director de Prevenci\u00f3n de Riesgos Laborales que facilitan y acercan la prevenci\u00f3n, sobre todo, a aquellas peque\u00f1as y medianas empresas de nuestra regi\u00f3n con el fin de reducir la siniestralidad laboral.<\/p>\n<p style=\"text-align: center;\">\n<strong>Los infartos y derrames cerebrales suponen la primera causa de muerte en jornada de trabajo en nuestra regi\u00f3n<\/strong><\/p>\n<p>El estr\u00e9s y la depresi\u00f3n son factores de riesgo que pueden influir en la aparici\u00f3n de cardiopat\u00edas, desde UGT Madrid queremos destacar que existe una relaci\u00f3n entre el riesgo cardiovascular y la salud mental. Las enfermedades de salud mental de origen laboral son las grandes olvidadas en las evaluaciones de riesgo de las empresas madrile\u00f1as.<\/p>\n<p>Es necesario evaluar los riesgos psicosociales de origen laboral para poder aplicar medidas preventivas y organizativas respecto a las patolog\u00edas que afectan a la salud mental de las trabajadoras y trabajadores de la Comunidad de Madrid, porque lo que no se eval\u00faa no existe.<\/p>\n<p>Desde la Secretar\u00eda de Salud Laboral y Medio Ambiente de UGT Madrid estamos realizando el Proyecto <strong>\u201cLa Salud Mental en el \u00e1mbito laboral\u201d<\/strong> correspondiente a la Convocatoria 2024 aprobada mediante la Orden de la Consejer\u00eda de Econom\u00eda, Hacienda y Empleo de la Comunidad de Madrid. Las acciones pretenden difundir la prevenci\u00f3n de los riesgos psicosociales asociados a la salud mental en las empresas madrile\u00f1as, con especial atenci\u00f3n a las personas trabajadoras que se vean expuestas a este tipo de riesgos, a trav\u00e9s de asesoramiento y visitas a los centros de trabajo\/empresas, etc. contamos con una Autoevaluaci\u00f3n confidencial y an\u00f3nima a trav\u00e9s de la cual una persona que pueda estar expuesta a este tipo de riesgo pueda identificarlo y ponerse en contacto con nosotros, si lo desea para recibir asesoramiento y\/o ayuda.<\/p>\n<p>La autoevaluaci\u00f3n est\u00e1 disponible en el siguiente enlace:<\/p>\n<p><a href=\"https:\/\/forms.gle\/ZyfzSY3aEUqMSg686\">https:\/\/forms.gle\/ZyfzSY3aEUqMSg686<\/a><\/p>\n<p>No cesaremos en nuestro empe\u00f1o de crear centros de trabajo seguros, en los que se cumpla la Ley de prevenci\u00f3n de riesgos laborales y se proteja la salud mental de los trabajadores y trabajadoras de la Comunidad de Madrid.<\/p>\n","protected":false},"excerpt":{"rendered":"<p>LOS INFARTOS Y DERRAMES CEREBRALES SUPONEN LA PRIMERA CAUSA DE MUERTE EN JORNADA DE TRABAJO&#8230;<\/p>\n","protected":false},"author":3,"featured_media":2744,"comment_status":"closed","ping_status":"closed","sticky":false,"template":"","format":"standard","meta":{"_seopress_robots_primary_cat":"none","_seopress_titles_title":"","_seopress_titles_desc":"","_seopress_robots_index":"","_jetpack_memberships_contains_paid_content":false,"footnotes":""},"categories":[3],"tags":[],"class_list":["post-2745","post","type-post","status-publish","format-standard","has-post-thumbnail","hentry","category-salud-laboral"],"jetpack_featured_media_url":"https:\/\/saludlaboralmadridugt.org\/wp-content\/uploads\/2025\/03\/mapa-accidentes-15-e1742283208493.png","jetpack_sharing_enabled":true,"_links":{"self":[{"href":"https:\/\/saludlaboralmadridugt.org\/index.php\/wp-json\/wp\/v2\/posts\/2745","targetHints":{"allow":["GET"]}}],"collection":[{"href":"https:\/\/saludlaboralmadridugt.org\/index.php\/wp-json\/wp\/v2\/posts"}],"about":[{"href":"https:\/\/saludlaboralmadridugt.org\/index.php\/wp-json\/wp\/v2\/types\/post"}],"author":[{"embeddable":true,"href":"https:\/\/saludlaboralmadridugt.org\/index.php\/wp-json\/wp\/v2\/users\/3"}],"replies":[{"embeddable":true,"href":"https:\/\/saludlaboralmadridugt.org\/index.php\/wp-json\/wp\/v2\/comments?post=2745"}],"version-history":[{"count":1,"href":"https:\/\/saludlaboralmadridugt.org\/index.php\/wp-json\/wp\/v2\/posts\/2745\/revisions"}],"predecessor-version":[{"id":2748,"href":"https:\/\/saludlaboralmadridugt.org\/index.php\/wp-json\/wp\/v2\/posts\/2745\/revisions\/2748"}],"wp:featuredmedia":[{"embeddable":true,"href":"https:\/\/saludlaboralmadridugt.org\/index.php\/wp-json\/wp\/v2\/media\/2744"}],"wp:attachment":[{"href":"https:\/\/saludlaboralmadridugt.org\/index.php\/wp-json\/wp\/v2\/media?parent=2745"}],"wp:term":[{"taxonomy":"category","embeddable":true,"href":"https:\/\/saludlaboralmadridugt.org\/index.php\/wp-json\/wp\/v2\/categories?post=2745"},{"taxonomy":"post_tag","embeddable":true,"href":"https:\/\/saludlaboralmadridugt.org\/index.php\/wp-json\/wp\/v2\/tags?post=2745"}],"curies":[{"name":"wp","href":"https:\/\/api.w.org\/{rel}","templated":true}]}}